{"id":2240,"date":"2020-06-29T16:43:48","date_gmt":"2020-06-29T16:43:48","guid":{"rendered":"http:\/\/bilmat.org\/calisma_grubu\/?p=2240"},"modified":"2021-06-14T23:51:43","modified_gmt":"2021-06-14T23:51:43","slug":"matematigi-ogretme-bilgisi-2-baskisi-yenilenmis-kapak-tasarimiyla","status":"publish","type":"post","link":"https:\/\/bilmat.org\/calisma_grubu\/matematigi-ogretme-bilgisi-2-baskisi-yenilenmis-kapak-tasarimiyla\/","title":{"rendered":"Matemati\u011fi \u00d6\u011fretme Bilgisi &#8211; 2. bask\u0131s\u0131 yenilenmi\u015f kapak tasar\u0131m\u0131yla"},"content":{"rendered":"<p><a href=\"http:\/\/bilmat.org\/calisma_grubu\/wp-content\/uploads\/2020\/06\/mat-ogr-bilg.jpg\"><img loading=\"lazy\" class=\"aligncenter size-medium wp-image-2484\" src=\"http:\/\/bilmat.org\/calisma_grubu\/wp-content\/uploads\/2020\/06\/mat-ogr-bilg-400x595.jpg\" alt=\"\" width=\"202\" height=\"300\" srcset=\"https:\/\/bilmat.org\/calisma_grubu\/wp-content\/uploads\/2020\/06\/mat-ogr-bilg-400x595.jpg 400w, https:\/\/bilmat.org\/calisma_grubu\/wp-content\/uploads\/2020\/06\/mat-ogr-bilg-650x966.jpg 650w, https:\/\/bilmat.org\/calisma_grubu\/wp-content\/uploads\/2020\/06\/mat-ogr-bilg-250x372.jpg 250w, https:\/\/bilmat.org\/calisma_grubu\/wp-content\/uploads\/2020\/06\/mat-ogr-bilg-768x1141.jpg 768w, https:\/\/bilmat.org\/calisma_grubu\/wp-content\/uploads\/2020\/06\/mat-ogr-bilg-150x223.jpg 150w, https:\/\/bilmat.org\/calisma_grubu\/wp-content\/uploads\/2020\/06\/mat-ogr-bilg-50x74.jpg 50w, https:\/\/bilmat.org\/calisma_grubu\/wp-content\/uploads\/2020\/06\/mat-ogr-bilg-100x149.jpg 100w, https:\/\/bilmat.org\/calisma_grubu\/wp-content\/uploads\/2020\/06\/mat-ogr-bilg-200x297.jpg 200w, https:\/\/bilmat.org\/calisma_grubu\/wp-content\/uploads\/2020\/06\/mat-ogr-bilg-300x446.jpg 300w, https:\/\/bilmat.org\/calisma_grubu\/wp-content\/uploads\/2020\/06\/mat-ogr-bilg-350x520.jpg 350w, https:\/\/bilmat.org\/calisma_grubu\/wp-content\/uploads\/2020\/06\/mat-ogr-bilg-450x669.jpg 450w, https:\/\/bilmat.org\/calisma_grubu\/wp-content\/uploads\/2020\/06\/mat-ogr-bilg-500x743.jpg 500w, https:\/\/bilmat.org\/calisma_grubu\/wp-content\/uploads\/2020\/06\/mat-ogr-bilg-550x817.jpg 550w, https:\/\/bilmat.org\/calisma_grubu\/wp-content\/uploads\/2020\/06\/mat-ogr-bilg.jpg 800w\" sizes=\"(max-width: 202px) 100vw, 202px\" \/><\/a><\/p>\n<div><\/div>\n<div style=\"text-align: justify;\">Toplumsal kalk\u0131nmam\u0131z, do\u011frudan k\u00fclt\u00fcrl\u00fc, erdemli, sosyal olaylara duyarl\u0131, \u00fcreten, sorgulayan, problem \u00e7\u00f6zen, yeniliklere a\u00e7\u0131k bireylere sahip olmam\u0131za ba\u011fl\u0131d\u0131r. Bu a\u00e7\u0131dan bak\u0131ld\u0131\u011f\u0131nda matematik e\u011fitimi bir milli mesele olarak kar\u015f\u0131m\u0131zda durmaktad\u0131r. \u00c7\u00fcnk\u00fc matematik e\u011fitiminin derdi toplumun matematik okuryazarl\u0131k d\u00fczeyinin y\u00fckseltilmesidir.<\/div>\n<div style=\"text-align: justify;\">\n<p>Matematik okuryazarl\u0131\u011f\u0131 bireyin muhakeme ve karar verme s\u00fcre\u00e7lerini kullanarak verileri yorumlamas\u0131, zaman-mek\u00e2n ili\u015fkisi kurmas\u0131, matemati\u011fi bir ileti\u015fim arac\u0131 olarak kullanmas\u0131, problem \u00e7\u00f6zmesi ve \u00e7evresindeki d\u00fcnyay\u0131 do\u011fru anlamas\u0131d\u0131r. Matematik okuryazar\u0131 olmayan bir toplumun sa\u011fl\u0131kl\u0131 muhakemesi olur mu? Sa\u011fl\u0131kl\u0131 muhakemesi olmayan bir toplumun sa\u011fl\u0131kl\u0131 demokrasisi olur mu? Matemati\u011fi olmayan bir toplumun bilim yapmas\u0131, bilgi \u00fcretmesi m\u00fcmk\u00fcn olur mu? Matemati\u011fi olmayan bir toplumun silikon vadisi olur mu?<\/p>\n<\/div>\n<div style=\"text-align: justify;\">Cevaplar\u0131n\u0131 bildi\u011fimiz bu sorular\u0131n \u00e7\u00f6z\u00fcm\u00fcn\u00fcn sorumlulu\u011funu matematik e\u011fitimcisi olarak <strong>Prof. Dr. Adnan Baki<\/strong> her zaman omuzlar\u0131nda hissetmi\u015ftir. 1994 y\u0131l\u0131nda Londra \u00dcniversitesinde doktoras\u0131n\u0131 tamamlad\u0131ktan sonra T\u00fcrkiye&#8217;nin ilk matematik e\u011fitimi doktorand\u0131 olarak yurda d\u00f6nd\u00fc. O g\u00fcnden bug\u00fcne matematik e\u011fitimi ad\u0131na yap\u0131lmas\u0131 gereken bir\u00e7ok \u015feyi yapmaya ve s\u00f6ylenmesi gereken bir\u00e7ok \u015feyi s\u00f6ylemeye \u00e7al\u0131\u015ft\u0131. Matematik e\u011fitimi alan\u0131nda 80&#8217;in \u00fczerinde y\u00fcksek lisans \u00f6\u011frencisi ve 40&#8217;\u0131n \u00fczerinde doktora \u00f6\u011frencisi yeti\u015ftirdi. Matematik e\u011fitimi alan\u0131nda ulusal ve uluslararas\u0131 indeksli hakemli dergilerde yay\u0131nlanm\u0131\u015f 100&#8217;\u00fcn \u00fczerinde makalesinin yan\u0131nda 4 kitab\u0131 bulunmaktad\u0131r. Y\u00fcr\u00fct\u00fcc\u00fcl\u00fc\u011f\u00fcn\u00fc yapt\u0131\u011f\u0131 1001 T\u00dcB\u0130TAK projesi 2012 y\u0131l\u0131nda T\u00dcB\u0130TAK taraf\u0131ndan \u00f6rnek proje olarak \u00f6d\u00fcllendirilmi\u015ftir. 2009 y\u0131l\u0131nda kurdu\u011fu uluslararas\u0131 hakemli bir dergi olan Turkish Journal of Computer and Mathematics Education dergisinin edit\u00f6rl\u00fc\u011f\u00fcn\u00fc yapmaktad\u0131r.<br \/>\n\u00dclkemizde matematik e\u011fitimi alan\u0131nda bilim insanlar\u0131n\u0131n iki y\u0131lda bir toplanma adresi olan T\u00dcRKB\u0130LMAT Sempozyumlar\u0131n\u0131 d\u00fczenlemektedir. Ayr\u0131ca, kurucusu oldu\u011fu Matematik E\u011fitimi Derne\u011finin iki d\u00f6nem ba\u015fkanl\u0131\u011f\u0131n\u0131 yapm\u0131\u015ft\u0131r. Bu yo\u011fun eme\u011fin ve mesainin kar\u015f\u0131l\u0131\u011f\u0131 olarak 2016 y\u0131l\u0131nda mensubu oldu\u011fu Karadeniz Teknik \u00dcniversitesi taraf\u0131ndan \u201c\u00fcniversite \u00f6zel \u00f6d\u00fcl\u00fc\u201d ile \u00f6d\u00fcllendirilmi\u015ftir. Yazar\u0131n matematik e\u011fitimi alan\u0131ndaki birikimini yans\u0131tt\u0131\u011f\u0131 bu kitap, matematik e\u011fitimi ad\u0131na yap\u0131lmas\u0131 ve s\u00f6ylenmesi gereken bir\u00e7ok \u015feyi i\u00e7ermektedir. Matemati\u011fin \u00f6\u011frenilmesi ve \u00f6\u011fretilmesiyle ilgilenen okurlar\u0131m\u0131z\u0131n bu kitapla birlikte mevcut matemati\u011fi \u00f6\u011fretme bilgilerinin \u00fczerine yeni bilgiler in\u015fa edeceklerini ve mesleki geli\u015fimlerinde yeni kap\u0131lar\u0131n a\u00e7\u0131laca\u011f\u0131n\u0131 \u00fcmit etmekteyiz.<\/div>\n","protected":false},"excerpt":{"rendered":"<p>Toplumsal kalk\u0131nmam\u0131z, do\u011frudan k\u00fclt\u00fcrl\u00fc, erdemli, sosyal olaylara duyarl\u0131, \u00fcreten, sorgulayan, problem \u00e7\u00f6zen, yeniliklere a\u00e7\u0131k bireylere sahip olmam\u0131za ba\u011fl\u0131d\u0131r. Bu a\u00e7\u0131dan bak\u0131ld\u0131\u011f\u0131nda matematik e\u011fitimi bir milli mesele olarak kar\u015f\u0131m\u0131zda durmaktad\u0131r. \u00c7\u00fcnk\u00fc matematik e\u011fitiminin derdi toplumun matematik okuryazarl\u0131k d\u00fczeyinin y\u00fckseltilmesidir. Matematik okuryazarl\u0131\u011f\u0131 bireyin muhakeme ve karar verme s\u00fcre\u00e7lerini kullanarak verileri yorumlamas\u0131, zaman-mek\u00e2n ili\u015fkisi kurmas\u0131, matemati\u011fi bir ileti\u015fim [&hellip;]<\/p>\n","protected":false},"author":1,"featured_media":2484,"comment_status":"open","ping_status":"open","sticky":false,"template":"","format":"standard","meta":[],"categories":[109],"tags":[],"_links":{"self":[{"href":"https:\/\/bilmat.org\/calisma_grubu\/wp-json\/wp\/v2\/posts\/2240"}],"collection":[{"href":"https:\/\/bilmat.org\/calisma_grubu\/wp-json\/wp\/v2\/posts"}],"about":[{"href":"https:\/\/bilmat.org\/calisma_grubu\/wp-json\/wp\/v2\/types\/post"}],"author":[{"embeddable":true,"href":"https:\/\/bilmat.org\/calisma_grubu\/wp-json\/wp\/v2\/users\/1"}],"replies":[{"embeddable":true,"href":"https:\/\/bilmat.org\/calisma_grubu\/wp-json\/wp\/v2\/comments?post=2240"}],"version-history":[{"count":5,"href":"https:\/\/bilmat.org\/calisma_grubu\/wp-json\/wp\/v2\/posts\/2240\/revisions"}],"predecessor-version":[{"id":2486,"href":"https:\/\/bilmat.org\/calisma_grubu\/wp-json\/wp\/v2\/posts\/2240\/revisions\/2486"}],"wp:featuredmedia":[{"embeddable":true,"href":"https:\/\/bilmat.org\/calisma_grubu\/wp-json\/wp\/v2\/media\/2484"}],"wp:attachment":[{"href":"https:\/\/bilmat.org\/calisma_grubu\/wp-json\/wp\/v2\/media?parent=2240"}],"wp:term":[{"taxonomy":"category","embeddable":true,"href":"https:\/\/bilmat.org\/calisma_grubu\/wp-json\/wp\/v2\/categories?post=2240"},{"taxonomy":"post_tag","embeddable":true,"href":"https:\/\/bilmat.org\/calisma_grubu\/wp-json\/wp\/v2\/tags?post=2240"}],"curies":[{"name":"wp","href":"https:\/\/api.w.org\/{rel}","templated":true}]}}