{"id":2242,"date":"2020-06-29T16:46:37","date_gmt":"2020-06-29T16:46:37","guid":{"rendered":"http:\/\/bilmat.org\/calisma_grubu\/?p=2242"},"modified":"2020-08-21T18:53:14","modified_gmt":"2020-08-21T18:53:14","slug":"matematik-tarihi-ve-felsefesi-genisletilmis-2-baskisi-cikti","status":"publish","type":"post","link":"https:\/\/bilmat.org\/calisma_grubu\/matematik-tarihi-ve-felsefesi-genisletilmis-2-baskisi-cikti\/","title":{"rendered":"Matematik Tarihi ve Felsefesi &#8211;  Geni\u015fletilmi\u015f 2. bask\u0131s\u0131 \u00e7\u0131kt\u0131"},"content":{"rendered":"<p><a href=\"http:\/\/bilmat.org\/calisma_grubu\/wp-content\/uploads\/2020\/06\/mat-tarihi-ve-felsefe.jpg\"><img loading=\"lazy\" class=\"size-medium wp-image-2235 alignleft\" src=\"http:\/\/bilmat.org\/calisma_grubu\/wp-content\/uploads\/2020\/06\/mat-tarihi-ve-felsefe-400x592.jpg\" alt=\"mat tarihi ve felsefe\" width=\"203\" height=\"300\" srcset=\"https:\/\/bilmat.org\/calisma_grubu\/wp-content\/uploads\/2020\/06\/mat-tarihi-ve-felsefe-400x592.jpg 400w, https:\/\/bilmat.org\/calisma_grubu\/wp-content\/uploads\/2020\/06\/mat-tarihi-ve-felsefe-250x370.jpg 250w, https:\/\/bilmat.org\/calisma_grubu\/wp-content\/uploads\/2020\/06\/mat-tarihi-ve-felsefe-768x1137.jpg 768w, https:\/\/bilmat.org\/calisma_grubu\/wp-content\/uploads\/2020\/06\/mat-tarihi-ve-felsefe-650x962.jpg 650w, https:\/\/bilmat.org\/calisma_grubu\/wp-content\/uploads\/2020\/06\/mat-tarihi-ve-felsefe-150x222.jpg 150w, https:\/\/bilmat.org\/calisma_grubu\/wp-content\/uploads\/2020\/06\/mat-tarihi-ve-felsefe-50x74.jpg 50w, https:\/\/bilmat.org\/calisma_grubu\/wp-content\/uploads\/2020\/06\/mat-tarihi-ve-felsefe-100x148.jpg 100w, https:\/\/bilmat.org\/calisma_grubu\/wp-content\/uploads\/2020\/06\/mat-tarihi-ve-felsefe-200x296.jpg 200w, https:\/\/bilmat.org\/calisma_grubu\/wp-content\/uploads\/2020\/06\/mat-tarihi-ve-felsefe-300x444.jpg 300w, https:\/\/bilmat.org\/calisma_grubu\/wp-content\/uploads\/2020\/06\/mat-tarihi-ve-felsefe-350x518.jpg 350w, https:\/\/bilmat.org\/calisma_grubu\/wp-content\/uploads\/2020\/06\/mat-tarihi-ve-felsefe-450x666.jpg 450w, https:\/\/bilmat.org\/calisma_grubu\/wp-content\/uploads\/2020\/06\/mat-tarihi-ve-felsefe-500x740.jpg 500w, https:\/\/bilmat.org\/calisma_grubu\/wp-content\/uploads\/2020\/06\/mat-tarihi-ve-felsefe-550x814.jpg 550w, https:\/\/bilmat.org\/calisma_grubu\/wp-content\/uploads\/2020\/06\/mat-tarihi-ve-felsefe.jpg 800w\" sizes=\"(max-width: 203px) 100vw, 203px\" \/><\/a><\/p>\n<p>&nbsp;<\/p>\n<p>Leibniz\u2019in anonim h\u00e2line gelen; \u201cmatematik olmaks\u0131z\u0131n felsefenin derinliklerine n\u00fcfuz edemeyiz. Felsefe olmaks\u0131z\u0131n matemati\u011fin derinliklerine n\u00fcfuz edemeyiz. Her ikisi olmaks\u0131z\u0131n herhangi bir \u015feye n\u00fcfuz edemeyiz\u201d anlam\u0131ndaki s\u00f6z\u00fcn\u00fc matematikle felsefeyi birle\u015ftirerek matematik felsefesi olmaks\u0131z\u0131n e\u015fyan\u0131n hakikatine n\u00fcfuz edemeyiz \u015feklinde \u00f6zetleyebiliriz. Mutlak hakikat yolunda evreni anlamaya \u00e7al\u0131\u015fan insano\u011flunun elindeki en de\u011ferli ara\u00e7 \u015fimdilik matematiktir. Bu nedenle, insano\u011flunun en b\u00fcy\u00fck entelekt\u00fcel ba\u015far\u0131s\u0131 olan matemati\u011fin tarihsel geli\u015fiminden ve felsefesinden haberdar olmam\u0131z evreni anlamam\u0131za, sosyalle\u015fmemize, hayat\u0131 anlamla\u015ft\u0131rmam\u0131za yard\u0131m edecektir.<\/p>\n<p>Bilim insan\u0131, matematik\u00e7i veya matematik e\u011fitimcisi olarak u\u011fra\u015ft\u0131\u011f\u0131m\u0131z alan\u0131n tarihi ve felsefesi ile ilgilenmemizden daha do\u011fal ne olabilir ki? Ancak, matematik ve matematik e\u011fitimiyle ilgilenen \u00e7o\u011fumuzun matematik tarihi ve felsefesine ili\u015fkin konular \u00fczerinde \u00e7ok fazla yo\u011funla\u015famad\u0131\u011f\u0131m\u0131z da bir ger\u00e7ek olarak kar\u015f\u0131m\u0131zda durmaktad\u0131r. Birinci b\u00f6l\u00fcmde, matematik e\u011fitimiyle ilgilenen \u00f6\u011fretmen, \u00f6\u011frenci ve bilim insanlar\u0131na u\u011fra\u015ft\u0131klar\u0131 alan\u0131n tarihsel geli\u015fimi tan\u0131t\u0131larak matematik tarihinden \u00f6\u011frenme-\u00f6\u011fretme ortamlar\u0131nda nas\u0131l yararlan\u0131labilece\u011fi g\u00f6sterilmeye \u00e7al\u0131\u015f\u0131ld\u0131. Benzer \u015fekilde ikinci b\u00f6l\u00fcmde de matematik felsefesi tan\u0131t\u0131lmaya \u00e7al\u0131\u015f\u0131ld\u0131. Bu ama\u00e7la s\u0131ras\u0131yla \u00f6nce matemati\u011fin do\u011fas\u0131n\u0131 anlamam\u0131za yard\u0131m edecek felsefe tart\u0131\u015fmalar ele al\u0131nd\u0131. Arkas\u0131ndan felsefe ekollerin yakla\u015f\u0131mlar\u0131 tan\u0131t\u0131ld\u0131ktan sonra b\u00fct\u00fcn bu tart\u0131\u015fmalar\u0131n ve yakla\u015f\u0131mlar\u0131n matematik e\u011fitimini nas\u0131l etkiledi\u011fi a\u00e7\u0131klanmaya \u00e7al\u0131\u015f\u0131ld\u0131. Dolay\u0131s\u0131yla bu kitab\u0131n amac\u0131; okuyucular\u0131n matematik tarihi ve matematik e\u011fitimi felsefesi ile daha yak\u0131ndan tan\u0131\u015farak yeni bir ba\u015flang\u0131\u00e7 yapmalar\u0131n\u0131 sa\u011flamakt\u0131r.<\/p>\n","protected":false},"excerpt":{"rendered":"<p>&nbsp; Leibniz\u2019in anonim h\u00e2line gelen; \u201cmatematik olmaks\u0131z\u0131n felsefenin derinliklerine n\u00fcfuz edemeyiz. Felsefe olmaks\u0131z\u0131n matemati\u011fin derinliklerine n\u00fcfuz edemeyiz. Her ikisi olmaks\u0131z\u0131n herhangi bir \u015feye n\u00fcfuz edemeyiz\u201d anlam\u0131ndaki s\u00f6z\u00fcn\u00fc matematikle felsefeyi birle\u015ftirerek matematik felsefesi olmaks\u0131z\u0131n e\u015fyan\u0131n hakikatine n\u00fcfuz edemeyiz \u015feklinde \u00f6zetleyebiliriz. Mutlak hakikat yolunda evreni anlamaya \u00e7al\u0131\u015fan insano\u011flunun elindeki en de\u011ferli ara\u00e7 \u015fimdilik matematiktir. Bu nedenle, insano\u011flunun [&hellip;]<\/p>\n","protected":false},"author":1,"featured_media":2235,"comment_status":"open","ping_status":"open","sticky":false,"template":"","format":"standard","meta":[],"categories":[1,109],"tags":[],"_links":{"self":[{"href":"https:\/\/bilmat.org\/calisma_grubu\/wp-json\/wp\/v2\/posts\/2242"}],"collection":[{"href":"https:\/\/bilmat.org\/calisma_grubu\/wp-json\/wp\/v2\/posts"}],"about":[{"href":"https:\/\/bilmat.org\/calisma_grubu\/wp-json\/wp\/v2\/types\/post"}],"author":[{"embeddable":true,"href":"https:\/\/bilmat.org\/calisma_grubu\/wp-json\/wp\/v2\/users\/1"}],"replies":[{"embeddable":true,"href":"https:\/\/bilmat.org\/calisma_grubu\/wp-json\/wp\/v2\/comments?post=2242"}],"version-history":[{"count":1,"href":"https:\/\/bilmat.org\/calisma_grubu\/wp-json\/wp\/v2\/posts\/2242\/revisions"}],"predecessor-version":[{"id":2243,"href":"https:\/\/bilmat.org\/calisma_grubu\/wp-json\/wp\/v2\/posts\/2242\/revisions\/2243"}],"wp:featuredmedia":[{"embeddable":true,"href":"https:\/\/bilmat.org\/calisma_grubu\/wp-json\/wp\/v2\/media\/2235"}],"wp:attachment":[{"href":"https:\/\/bilmat.org\/calisma_grubu\/wp-json\/wp\/v2\/media?parent=2242"}],"wp:term":[{"taxonomy":"category","embeddable":true,"href":"https:\/\/bilmat.org\/calisma_grubu\/wp-json\/wp\/v2\/categories?post=2242"},{"taxonomy":"post_tag","embeddable":true,"href":"https:\/\/bilmat.org\/calisma_grubu\/wp-json\/wp\/v2\/tags?post=2242"}],"curies":[{"name":"wp","href":"https:\/\/api.w.org\/{rel}","templated":true}]}}