{"id":2604,"date":"2024-02-25T20:00:01","date_gmt":"2024-02-25T20:00:01","guid":{"rendered":"https:\/\/bilmat.org\/calisma_grubu\/?p=2604"},"modified":"2024-02-25T20:00:01","modified_gmt":"2024-02-25T20:00:01","slug":"matematik-ogretiminde-ornek-uygulamalar-kongresi-ii","status":"publish","type":"post","link":"https:\/\/bilmat.org\/calisma_grubu\/matematik-ogretiminde-ornek-uygulamalar-kongresi-ii\/","title":{"rendered":"Matematik \u00d6\u011fretiminde \u00d6rnek Uygulamalar Kongresi &#8211; II"},"content":{"rendered":"<p>\u00c7ok De\u011ferli Matematik E\u011fitimcileri,<br \/>\n<strong>Zonguldak B\u00fclent Ecevit \u00dcniversitesi E\u011fitim Fak\u00fcltesi<\/strong> ev sahipli\u011finde <strong>11-12 May\u0131s 2024 tarihlerinde Zonguldak<\/strong>\u2019ta d\u00fczenlenecek olan <span style=\"color: #ff0000;\"><strong>II. Matematik \u00d6\u011fretiminde \u00d6rnek Uygulamalar Konferans\u0131<\/strong><\/span>\u2019na sizleri davet etmenin mutlulu\u011fu ve heyecan\u0131 i\u00e7erisindeyiz.<\/p>\n<p>\u00d6zellikle son y\u0131llarda \u00fclkemizde e\u011fitim bilimleri alan\u0131nda \u00e7ok say\u0131da kongre d\u00fczenlenmekte, ara\u015ft\u0131rmac\u0131lar g\u00f6zlemlerini, \u00f6l\u00e7\u00fcmlerini, analizlerini bu kongreler vas\u0131tas\u0131yla bilim d\u00fcnyas\u0131 ile payla\u015fma f\u0131rsat\u0131 bulmaktad\u0131r. Matematik E\u011fitimi Derne\u011fi olarak ikincisini d\u00fczenleyece\u011fimiz <strong><span style=\"color: #ff0000;\">Matematik \u00d6\u011fretiminde \u00d6rnek Uygulamalar Kongresi<\/span><\/strong>, geleneksel e\u011fitim bilimleri kongrelerinden farkl\u0131 olarak do\u011frudan uygulay\u0131c\u0131lara ula\u015fmay\u0131 hedeflemektedir. Bu kongre s\u0131n\u0131f i\u00e7erisinden elde edilen verilerin formal-sistematik bir sunumunu de\u011fil s\u0131n\u0131f i\u00e7erisinde \u00f6\u011fretmen veya akademisyen taraf\u0131ndan yap\u0131lan yarat\u0131c\u0131 uygulamalar\u0131 \u00f6ncelemektedir. <span style=\"color: #ff0000;\"><strong>Matematik \u00d6\u011fretiminde \u00d6rnek Uygulamalar Kongresi<\/strong><\/span>, elde edilen verileri de\u011fil bizatihi s\u0131n\u0131f i\u00e7i uygulamalar\u0131n kendisini oda\u011f\u0131na koymaktad\u0131r. Elde edilen verilerin uygulaman\u0131n g\u00fcc\u00fcn\u00fc g\u00f6stermek i\u00e7in kullan\u0131lmas\u0131 arzulanmaktad\u0131r. Bu y\u00f6n\u00fcyle kongrenin matematik \u00f6\u011fretiminde kullan\u0131lan iyi \u00f6rneklerin payla\u015f\u0131lmas\u0131 yoluyla matematik \u00f6\u011frenme ve \u00f6\u011fretme s\u00fcre\u00e7lerini zenginle\u015ftirmesi d\u00fc\u015f\u00fcn\u00fclmektedir. Kongrede, akademisyen ve \u00f6\u011fretmenlerin kendi s\u0131n\u0131flar\u0131nda yapt\u0131klar\u0131 uygulamalar\u0131n\u0131 payla\u015fmas\u0131; panel ve \u00e7al\u0131\u015ftaylar yoluyla zengin bir entelekt\u00fcel ortam\u0131n olu\u015fturulmas\u0131 planlanmaktad\u0131r. Kongre boyunca sunulan \u00f6rnek uygulamalar, kat\u0131l\u0131mc\u0131lar taraf\u0131ndan uygulanabilirlik, etkililik ve orijinallik boyutlar\u0131ndan tart\u0131\u015f\u0131lacak ve yap\u0131lan de\u011ferlendirmeler \u0131\u015f\u0131\u011f\u0131nda geli\u015ftirilecektir. Bu s\u00fcre\u00e7te son \u015fekilleri verilen \u00f6rnek uygulamalar derne\u011fin web sayfas\u0131nda matematik e\u011fitimcilerinin kullan\u0131mlar\u0131na da sunulabilecektir. Kongre uygulamay\u0131 \u00f6ne alan boyutuyla geleneksel e\u011fitim bilimleri kongrelerinden farkl\u0131la\u015fmaktad\u0131r.<\/p>\n<p>Bu konferans matematik e\u011fitimi ile ilgilenen akademisyen ve \u00f6\u011fretmenlere kendi derslerinde konu\/ kavramlar\u0131 \u00f6\u011fretirken etkili oldu\u011funu d\u00fc\u015f\u00fcnd\u00fckleri strateji, y\u00f6ntem ve materyalleri \u00f6rnek uygulamalar olarak meslekta\u015flar\u0131yla payla\u015fma f\u0131rsat\u0131 sunmak amac\u0131yla d\u00fczenlenmektedir.<\/p>\n<p><strong>11-12 May\u0131s 2024 tarihlerinde Zonguldak\u2019<\/strong>ta d\u00fczenlenecek olan <span style=\"color: #ff0000;\"><strong>II. Matematik \u00d6\u011fretiminde \u00d6rnek Uygulamalar Konferans\u0131<\/strong><\/span>\u2019na kat\u0131larak mesleki deneyimlerinizle bu entelekt\u00fcel \u015f\u00f6lene yapaca\u011f\u0131n\u0131z katk\u0131lardan dolay\u0131 \u015fimdiden te\u015fekk\u00fcrlerimizi sunuyoruz. Sempozyumla ilgili ayr\u0131nt\u0131l\u0131 bilgilere <a href=\"https:\/\/www.tmed.org.tr\/index\/\">dernek sayfas\u0131ndan<\/a> ula\u015fabilirsiniz.<\/p>\n<p>Kongre D\u00fczenleme Kurulu<\/p>\n<p>&#8212;<br \/>\nProf. Dr. B\u00fclent G\u00dcVEN<br \/>\nMatematik E\u011fitimi Derne\u011fi Ba\u015fkan\u0131<\/p>\n<p>&nbsp;<\/p>\n<p>&nbsp;<\/p>\n<p><a href=\"http:\/\/bilmat.org\/calisma_grubu\/wp-content\/uploads\/2024\/02\/Matematik-O\u0308g\u0306retiminde-O\u0308rnek-Uygulamalar-Kongresi-II-1.jpg\"><img loading=\"lazy\" class=\"aligncenter size-medium wp-image-2606\" src=\"http:\/\/bilmat.org\/calisma_grubu\/wp-content\/uploads\/2024\/02\/Matematik-O\u0308g\u0306retiminde-O\u0308rnek-Uygulamalar-Kongresi-II-1-400x566.jpg\" alt=\"\" width=\"212\" height=\"300\" srcset=\"https:\/\/bilmat.org\/calisma_grubu\/wp-content\/uploads\/2024\/02\/Matematik-O\u0308g\u0306retiminde-O\u0308rnek-Uygulamalar-Kongresi-II-1-400x566.jpg 400w, https:\/\/bilmat.org\/calisma_grubu\/wp-content\/uploads\/2024\/02\/Matematik-O\u0308g\u0306retiminde-O\u0308rnek-Uygulamalar-Kongresi-II-1-650x919.jpg 650w, https:\/\/bilmat.org\/calisma_grubu\/wp-content\/uploads\/2024\/02\/Matematik-O\u0308g\u0306retiminde-O\u0308rnek-Uygulamalar-Kongresi-II-1-250x354.jpg 250w, https:\/\/bilmat.org\/calisma_grubu\/wp-content\/uploads\/2024\/02\/Matematik-O\u0308g\u0306retiminde-O\u0308rnek-Uygulamalar-Kongresi-II-1-150x212.jpg 150w, https:\/\/bilmat.org\/calisma_grubu\/wp-content\/uploads\/2024\/02\/Matematik-O\u0308g\u0306retiminde-O\u0308rnek-Uygulamalar-Kongresi-II-1-50x71.jpg 50w, https:\/\/bilmat.org\/calisma_grubu\/wp-content\/uploads\/2024\/02\/Matematik-O\u0308g\u0306retiminde-O\u0308rnek-Uygulamalar-Kongresi-II-1-100x141.jpg 100w, https:\/\/bilmat.org\/calisma_grubu\/wp-content\/uploads\/2024\/02\/Matematik-O\u0308g\u0306retiminde-O\u0308rnek-Uygulamalar-Kongresi-II-1-200x283.jpg 200w, https:\/\/bilmat.org\/calisma_grubu\/wp-content\/uploads\/2024\/02\/Matematik-O\u0308g\u0306retiminde-O\u0308rnek-Uygulamalar-Kongresi-II-1-300x424.jpg 300w, https:\/\/bilmat.org\/calisma_grubu\/wp-content\/uploads\/2024\/02\/Matematik-O\u0308g\u0306retiminde-O\u0308rnek-Uygulamalar-Kongresi-II-1-350x495.jpg 350w, https:\/\/bilmat.org\/calisma_grubu\/wp-content\/uploads\/2024\/02\/Matematik-O\u0308g\u0306retiminde-O\u0308rnek-Uygulamalar-Kongresi-II-1-450x636.jpg 450w, https:\/\/bilmat.org\/calisma_grubu\/wp-content\/uploads\/2024\/02\/Matematik-O\u0308g\u0306retiminde-O\u0308rnek-Uygulamalar-Kongresi-II-1-500x707.jpg 500w, https:\/\/bilmat.org\/calisma_grubu\/wp-content\/uploads\/2024\/02\/Matematik-O\u0308g\u0306retiminde-O\u0308rnek-Uygulamalar-Kongresi-II-1-550x778.jpg 550w, https:\/\/bilmat.org\/calisma_grubu\/wp-content\/uploads\/2024\/02\/Matematik-O\u0308g\u0306retiminde-O\u0308rnek-Uygulamalar-Kongresi-II-1.jpg 707w\" sizes=\"(max-width: 212px) 100vw, 212px\" \/><\/a><\/p>\n","protected":false},"excerpt":{"rendered":"<p>\u00c7ok De\u011ferli Matematik E\u011fitimcileri, Zonguldak B\u00fclent Ecevit \u00dcniversitesi E\u011fitim Fak\u00fcltesi ev sahipli\u011finde 11-12 May\u0131s 2024 tarihlerinde Zonguldak\u2019ta d\u00fczenlenecek olan II. Matematik \u00d6\u011fretiminde \u00d6rnek Uygulamalar Konferans\u0131\u2019na sizleri davet etmenin mutlulu\u011fu ve heyecan\u0131 i\u00e7erisindeyiz. \u00d6zellikle son y\u0131llarda \u00fclkemizde e\u011fitim bilimleri alan\u0131nda \u00e7ok say\u0131da kongre d\u00fczenlenmekte, ara\u015ft\u0131rmac\u0131lar g\u00f6zlemlerini, \u00f6l\u00e7\u00fcmlerini, analizlerini bu kongreler vas\u0131tas\u0131yla bilim d\u00fcnyas\u0131 ile payla\u015fma f\u0131rsat\u0131 [&hellip;]<\/p>\n","protected":false},"author":1,"featured_media":2606,"comment_status":"open","ping_status":"open","sticky":false,"template":"","format":"standard","meta":[],"categories":[110,1],"tags":[],"_links":{"self":[{"href":"https:\/\/bilmat.org\/calisma_grubu\/wp-json\/wp\/v2\/posts\/2604"}],"collection":[{"href":"https:\/\/bilmat.org\/calisma_grubu\/wp-json\/wp\/v2\/posts"}],"about":[{"href":"https:\/\/bilmat.org\/calisma_grubu\/wp-json\/wp\/v2\/types\/post"}],"author":[{"embeddable":true,"href":"https:\/\/bilmat.org\/calisma_grubu\/wp-json\/wp\/v2\/users\/1"}],"replies":[{"embeddable":true,"href":"https:\/\/bilmat.org\/calisma_grubu\/wp-json\/wp\/v2\/comments?post=2604"}],"version-history":[{"count":1,"href":"https:\/\/bilmat.org\/calisma_grubu\/wp-json\/wp\/v2\/posts\/2604\/revisions"}],"predecessor-version":[{"id":2607,"href":"https:\/\/bilmat.org\/calisma_grubu\/wp-json\/wp\/v2\/posts\/2604\/revisions\/2607"}],"wp:featuredmedia":[{"embeddable":true,"href":"https:\/\/bilmat.org\/calisma_grubu\/wp-json\/wp\/v2\/media\/2606"}],"wp:attachment":[{"href":"https:\/\/bilmat.org\/calisma_grubu\/wp-json\/wp\/v2\/media?parent=2604"}],"wp:term":[{"taxonomy":"category","embeddable":true,"href":"https:\/\/bilmat.org\/calisma_grubu\/wp-json\/wp\/v2\/categories?post=2604"},{"taxonomy":"post_tag","embeddable":true,"href":"https:\/\/bilmat.org\/calisma_grubu\/wp-json\/wp\/v2\/tags?post=2604"}],"curies":[{"name":"wp","href":"https:\/\/api.w.org\/{rel}","templated":true}]}}